{"id":2288,"date":"2020-08-13T13:00:00","date_gmt":"2020-08-13T04:00:00","guid":{"rendered":"https:\/\/kusa2.jp\/en\/?p=2288"},"modified":"2020-08-13T13:21:39","modified_gmt":"2020-08-13T04:21:39","slug":"7-1","status":"publish","type":"post","link":"https:\/\/kusa2.jp\/en\/einepause2020\/message2020\/7-1\/","title":{"rendered":"\u3010Message\u3011Message from Prof. Karin Adam"},"content":{"rendered":"\n<p>The 41st Kusatsu International Summer Music Academy &amp; Festival has unfortunately been cancelled due to the worldwide spread of COVID-19. Although the music festival cannot be held, we have received messages from seven of the faculty members who were planning to participate in this year&#8217;s festival.<br>We will introduce a message from Prof. Karin Adam.<\/p>\n\n\n\n<figure class=\"wp-block-image size-medium\"><img decoding=\"async\" src=\"https:\/\/kusa2.jp\/wp-content\/uploads\/2019\/09\/200190820-herrmannadam-300x225.jpg\" alt=\"\" class=\"wp-image-7785\"\/><\/figure>\n\n\n\n<p style=\"background-color:#eaf5fc\" class=\"has-background\">As everyone else I was very disappointed to hear about the cancellation of the Kusatsu Festival. The relation between artists and audiences of all generations in their enthusiasm for music in connection with the beauty of the location is magic and non-interchangeable. Therefore I look forward very much to seeing you all next time!<br>It is strange to live in relative isolation, not to be able to meet friends, no concerts and no travelling. But I make the best of it and enjoy spending much time with my family, outdoors&nbsp; and especially with my violin. I study a lot of Bach and Beethoven. And I also use the time to study new pieces, like the &#8220;Grand Duo Concertant&#8221; by Franz Liszt and his Duo-Sonata and a lovely sonata by Nikolai Kapustin which contains various jazz elements.<br>If everything goes well I shall perform the Beethoven Concerto this coming fall and the last sonata G major Op.96 which I especially like. I would love to perform these pieces in Kusatsu as well, may be also a piano trio and piano quartet by Brahms.<br>Dear students, stay healthy and make good use of the quiet time as much as possible! I highly recommend to spend a major part of your practice time with technical studies and also to study new pieces and to bring old pieces to perfection. And most importantly: have joy and enthusiasm when you play the violin!<br>I hope to see you all next time! I look forward very much to teaching, performing and wonderful encounters!<br><br>So wie wir alle war auch ich sehr entt\u00e4uscht als ich die Nachricht von der Absage des Festivals in Kusatsu erhalten habe.<br>Die Verbindung von Musikern und Publikum in ihrem gemeinsamen Enthusiasmus f\u00fcr Musik an diesem magisch sch\u00f6nen Ort macht Kusatsu so besonders und unverwechselbar. Besonders ihr, liebe Studenten, seid mir ein besonderes Anliegen! Deshalb freue ich mich schon sehr auf n\u00e4chstes Mal, um wieder gemeinsam studieren und musizieren zu k\u00f6nnen!<br>In dieser seltsam fremden Zeit der Isolation habe ich viel Zeit mit meiner Familie, in der Natur aber vor allem auch mit meiner Geige verbracht. Am meisten habe ich mich mit Bach und Beethoven besch\u00e4ftigt. Aber ich habe die ruhige Zeit auch f\u00fcr das Kennenlernen neuer Werke gen\u00fctzt, u.a. Franz Liszt \u201aGrand Duo Concertant\u2018 und seine Duo-Sonate und eine tolle Sonate mit vielen Jazz-Elementen von Nikolai Kapustin. Wenn alles gut geht, werde ich im kommenden Herbst das Violinkonzert von Beethoven und auch die letzte Sonate Op.96 in G-Dur, die ich besonders mag, auff\u00fchren. Beides w\u00fcrde ich auch gerne in Kusatsu spielen, vielleicht auch eines der Brahms Klaviertrios oder Klavierquartette.<br>Liebe Studenten, bleibt gesund und n\u00fctzt gut die Zeit! Setzt euch Ziele. Verbringt einen gro\u00dfen Teil eurer \u00dcbenzeit mit technischen \u00dcbungen, lernt neue Werke und perfektioniert die alten. Und das Wichtigste: Spielt mit Freude und Begeisterung!<br>Ich hoffe, dass wir uns alle das n\u00e4chste Mal gesund wiedersehen und freue mich auf viele intensive Unterrichtsstunden, Konzerte und wunderbare Begegnungen!<\/p>\n\n\n\n<h4 class=\"wp-block-heading\">Karin Adam<\/h4>\n\n\n\n<p>Violin \/ Participated in the 40th (2019) Kusatsu International Summer Music Academy &amp; Festival.<br>Born in Vienna, the Austrian violinist Karin Adam studied at the Vienna Music Academy with Franz Samohyl. She made her first public performance with orchestra at the age of eight. After winning several competitions for young players she was awarded the \u201cMozart Interpretation Prize\u201d by the Wiener Mozartgemeinde. After taking the First Prize in the \u201cInternational Joseph Joachim Competition\u201d in 1981 she has established as one of the leading violinists of her generation and has given concerts around the world. Karin Adam performs with some of the world\u2019s leading orchestras and conductors. She also is a sought after chamber musician, and since 1986 she has performed in a duo with her sister, the pianist Doris Adam.<\/p>\n\n\n\n<p><a href=\"https:\/\/kusa2.jp\/en\/artist\/artist\/karin-adam\/\">Please click here for detailed profile.<\/a><\/p>\n\n\n\n<div style=\"height:100px\" aria-hidden=\"true\" class=\"wp-block-spacer\"><\/div>\n\n\n\n<div class=\"wp-block-image\"><figure class=\"aligncenter size-large\"><a href=\"https:\/\/kusa2.jp\/en\/einepause2020\/message2020\/\"><img decoding=\"async\" src=\"https:\/\/kusa2.jp\/wp-content\/uploads\/2020\/07\/b30236e734b3c3678ce7919263aad84f.gif\" alt=\"\" class=\"wp-image-13616\"\/><\/a><\/figure><\/div>\n\n\n\n<div class=\"wp-block-image\"><figure class=\"aligncenter size-large is-resized\"><a href=\"https:\/\/kusa2.jp\/en\/einepause2020\/\"><img decoding=\"async\" loading=\"lazy\" src=\"https:\/\/kusa2.jp\/wp-content\/uploads\/2020\/07\/fe979e14110c992e9c02c00035a265d6.gif\" alt=\"\" class=\"wp-image-10540\" width=\"100\" height=\"100\"\/><\/a><\/figure><\/div>\n","protected":false},"excerpt":{"rendered":"The 41st Kusatsu International Summer Music Academy &amp; Festival has unfortunately been cancelled due to the [&hellip;]","protected":false},"author":2,"featured_media":2188,"comment_status":"closed","ping_status":"open","sticky":false,"template":"","format":"standard","meta":{"footnotes":""},"categories":[18],"tags":[],"_links":{"self":[{"href":"https:\/\/kusa2.jp\/en\/wp-json\/wp\/v2\/posts\/2288"}],"collection":[{"href":"https:\/\/kusa2.jp\/en\/wp-json\/wp\/v2\/posts"}],"about":[{"href":"https:\/\/kusa2.jp\/en\/wp-json\/wp\/v2\/types\/post"}],"author":[{"embeddable":true,"href":"https:\/\/kusa2.jp\/en\/wp-json\/wp\/v2\/users\/2"}],"replies":[{"embeddable":true,"href":"https:\/\/kusa2.jp\/en\/wp-json\/wp\/v2\/comments?post=2288"}],"version-history":[{"count":5,"href":"https:\/\/kusa2.jp\/en\/wp-json\/wp\/v2\/posts\/2288\/revisions"}],"predecessor-version":[{"id":2315,"href":"https:\/\/kusa2.jp\/en\/wp-json\/wp\/v2\/posts\/2288\/revisions\/2315"}],"wp:featuredmedia":[{"embeddable":true,"href":"https:\/\/kusa2.jp\/en\/wp-json\/wp\/v2\/media\/2188"}],"wp:attachment":[{"href":"https:\/\/kusa2.jp\/en\/wp-json\/wp\/v2\/media?parent=2288"}],"wp:term":[{"taxonomy":"category","embeddable":true,"href":"https:\/\/kusa2.jp\/en\/wp-json\/wp\/v2\/categories?post=2288"},{"taxonomy":"post_tag","embeddable":true,"href":"https:\/\/kusa2.jp\/en\/wp-json\/wp\/v2\/tags?post=2288"}],"curies":[{"name":"wp","href":"https:\/\/api.w.org\/{rel}","templated":true}]}}